[{"@context":"https:\/\/schema.org\/","@type":"Article","@id":"https:\/\/www.brand-uh.cz\/a-presto-se-mame\/#Article","mainEntityOfPage":"https:\/\/www.brand-uh.cz\/a-presto-se-mame\/","headline":"A p\u0159esto se m\u00e1me","name":"A p\u0159esto se m\u00e1me","description":"Ned\u00e1 se \u0159\u00edct, \u017ee by v\u0161ichni, kdo v&nbsp;na\u0161\u00ed zemi \u017eij\u00ed, m\u011bli dokonal\u00fd \u017eivot. Spousta z&nbsp;n\u00e1s si mus\u00ed nejednu v\u011bc odep\u0159\u00edt, aby vy\u0161la s&nbsp;pen\u011bzi, kter\u00e9 m\u00e1. N\u011bkdy si od\u0159\u00edk\u00e1me luxusn\u00ed v\u011bci...","datePublished":"2019-12-19","dateModified":"2023-05-17","author":{"@type":"Person","@id":"https:\/\/www.brand-uh.cz\/author\/#Person","name":"","url":"https:\/\/www.brand-uh.cz\/author\/","identifier":1,"image":{"@type":"ImageObject","@id":"https:\/\/secure.gravatar.com\/avatar\/390ba47df5874845ef3762ac16ecd0a67f4e30c13cbb7c7ee444ade303aa885b?s=96&d=mm&r=g","url":"https:\/\/secure.gravatar.com\/avatar\/390ba47df5874845ef3762ac16ecd0a67f4e30c13cbb7c7ee444ade303aa885b?s=96&d=mm&r=g","height":96,"width":96}},"publisher":{"@type":"Organization","name":"brand-uh.cz","logo":{"@type":"ImageObject","@id":"\/logo.png","url":"\/logo.png","width":600,"height":60}},"image":{"@type":"ImageObject","@id":"https:\/\/www.brand-uh.cz\/wp-content\/uploads\/img_a362755_w4367_t1575752381.jpg","url":"https:\/\/www.brand-uh.cz\/wp-content\/uploads\/img_a362755_w4367_t1575752381.jpg","height":0,"width":0},"url":"https:\/\/www.brand-uh.cz\/a-presto-se-mame\/","about":["Ekonomika"],"wordCount":492,"articleBody":"Ned\u00e1 se \u0159\u00edct, \u017ee by v\u0161ichni, kdo v&nbsp;na\u0161\u00ed zemi \u017eij\u00ed, m\u011bli dokonal\u00fd \u017eivot. Spousta z&nbsp;n\u00e1s si mus\u00ed nejednu v\u011bc odep\u0159\u00edt, aby vy\u0161la s&nbsp;pen\u011bzi, kter\u00e9 m\u00e1. N\u011bkdy si od\u0159\u00edk\u00e1me luxusn\u00ed v\u011bci a n\u011bkdy i v\u011bci zd\u00e1nliv\u011b oby\u010dejn\u00e9 a b\u011b\u017en\u00e9. To podle toho, nakolik napnut\u00fd je n\u00e1\u0161 rozpo\u010det.Ale jak tvrd\u00ed index spole\u010densk\u00e9ho v\u00fdvoje od spole\u010dnosti Deloitte, zoufat si nemus\u00edme. I kdy\u017e maj\u00ed mnoz\u00ed z&nbsp;n\u00e1s probl\u00e9my vyj\u00edt s&nbsp;pen\u011bzi, m\u00e1me se daleko l\u00edp, ne\u017e jsme se m\u00edvali d\u0159\u00edv. Na\u0161e kupn\u00ed s\u00edla podle tohoto zdroje vzrostla od dob sametov\u00e9 revoluce o dv\u011b t\u0159etiny, co\u017e znamen\u00e1, \u017ee ten, kdo si tehdy mohl koupit t\u0159i n\u011bjak\u00e9 v\u011bci, si dnes m\u016f\u017ee koupit stejn\u00fdch v\u011bc\u00ed hned p\u011bt.I kdy\u017e logicky jak kdo, proto\u017ee si n\u011bkte\u0159\u00ed z&nbsp;n\u00e1s od t\u011bch \u010das\u016f polep\u0161ili v\u00edce a n\u011bkdo m\u00e9n\u011b, a jsou i ti, kdo si pohor\u0161ili. Celkov\u011b v\u0161ak pr\u00fd m\u00e1me dvac\u00e1tou \u010dtvrtou nejvy\u0161\u0161\u00ed \u017eivotn\u00ed \u00farove\u0148 mezi 146 zem\u011bmi, kter\u00e9 byly do tohoto hodnocen\u00ed zapojen\u00e9. A to v\u016fbec nen\u00ed \u0161patn\u00e9.Ty tam jsou i doby, kdy jsme byli p\u0159ij\u00edman\u00ed do Evropsk\u00e9 unie jako chud\u00ed p\u0159\u00edbuzn\u00ed se 69 procenty pr\u016fm\u011brn\u00e9 \u017eivotn\u00ed \u00farovn\u011b tehdej\u0161\u00ed unijn\u00ed patn\u00e1ctky. Dnes u\u017e jsme docela jinde, daleko v\u00fd\u0161. Platy u n\u00e1s rostou od roku 1993 nep\u0159etr\u017eit\u011b a v&nbsp;leto\u0161n\u00edm prvn\u00edm pololet\u00ed jsme pr\u00fd brali v&nbsp;pr\u016fm\u011bru 33297 korun hrub\u00e9ho, kde\u017eto v&nbsp;roce 1989 jen 3170 K\u010d.A pr\u00fd si navzdory tomu nevyhazujeme zbyte\u010dn\u011b z&nbsp;kop\u00fdtka. \u0160et\u0159ili jsme si a po\u0159\u00e1d si \u0161et\u0159\u00edme. V&nbsp;polovin\u011b devades\u00e1t\u00fdch let jsme pr\u00fd m\u011bli naspo\u0159en\u00fdch 13,05 % ze sv\u00fdch p\u0159\u00edjm\u016f a loni po\u0159\u00e1d je\u0161t\u011b 10,82 %.Kupn\u00ed s\u00edlu tak pr\u00fd dnes m\u00e1me o dvan\u00e1ct tis\u00edc korun ro\u010dn\u011b vy\u0161\u0161\u00ed ne\u017e tehdy. Akor\u00e1t \u017ee tu m\u00e1me ty soci\u00e1ln\u00ed rozd\u00edly, kter\u00e9 jsou po\u0159\u00e1d v\u011bt\u0161\u00ed a v\u011bt\u0161\u00ed. A m\u00e1me tedy i skoro deset procent obyvatel ohro\u017een\u00fdch p\u0159\u00edjmovou chudobou. A u toho se nem\u016f\u017eeme zase a\u017e tak moc radovat z&nbsp;toho, \u017ee nen\u00ed tak zle, \u017ee je to jedna z&nbsp;nejni\u017e\u0161\u00edch hodnot v&nbsp;Evrop\u011b.P\u0159\u00ed\u0161t\u00ed rok si pr\u00fd zase polep\u0161\u00edme, a to o dev\u011bt stovek. Zase budeme o n\u011bco bl\u00ed\u017e pr\u016fm\u011bru Evropsk\u00e9 unie. Ale zase n\u00e1m to p\u0159id\u00e1n\u00ed se\u017eere r\u016fst cen. Tedy t\u011bm, kdo dostanou p\u0159id\u00e1no. Ostatn\u00ed si pohor\u0161\u00ed.Tak\u017ee se m\u00e1me l\u00edp? Nebo h\u016f\u0159 To u\u017e nech\u00e1m na va\u0161\u00ed \u00favaze.                                                                                                                                                                                                                                                                                                                                                                                        4.5\/5 - (8 votes)        "},{"@context":"https:\/\/schema.org\/","@type":"BreadcrumbList","itemListElement":[{"@type":"ListItem","position":1,"name":"A p\u0159esto se m\u00e1me","item":"https:\/\/www.brand-uh.cz\/a-presto-se-mame\/#breadcrumbitem"}]}]