[{"@context":"https:\/\/schema.org\/","@type":"Article","@id":"https:\/\/www.brand-uh.cz\/je-mozne-predvidat-co-prijde-do-mody\/#Article","mainEntityOfPage":"https:\/\/www.brand-uh.cz\/je-mozne-predvidat-co-prijde-do-mody\/","headline":"Je mo\u017en\u00e9 p\u0159edv\u00eddat, co p\u0159ijde do m\u00f3dy?","name":"Je mo\u017en\u00e9 p\u0159edv\u00eddat, co p\u0159ijde do m\u00f3dy?","description":"Ka\u017ed\u00fd, kdo se o m\u00f3du zaj\u00edm\u00e1, v\u00ed, jak vrtkav\u00e1 a vrto\u0161iv\u00e1 je. To, co se nosilo je\u0161t\u011b v\u010dera je dnes spole\u010densk\u00e9 faux pas. Je tedy pochopiteln\u00e9, \u017ee se mnoho \u017een...","datePublished":"2023-02-28","dateModified":"2023-05-17","author":{"@type":"Person","@id":"https:\/\/www.brand-uh.cz\/author\/#Person","name":"","url":"https:\/\/www.brand-uh.cz\/author\/","identifier":1,"image":{"@type":"ImageObject","@id":"https:\/\/secure.gravatar.com\/avatar\/390ba47df5874845ef3762ac16ecd0a67f4e30c13cbb7c7ee444ade303aa885b?s=96&d=mm&r=g","url":"https:\/\/secure.gravatar.com\/avatar\/390ba47df5874845ef3762ac16ecd0a67f4e30c13cbb7c7ee444ade303aa885b?s=96&d=mm&r=g","height":96,"width":96}},"publisher":{"@type":"Organization","name":"brand-uh.cz","logo":{"@type":"ImageObject","@id":"\/logo.png","url":"\/logo.png","width":600,"height":60}},"image":{"@type":"ImageObject","@id":"https:\/\/www.brand-uh.cz\/wp-content\/uploads\/moda1_10.jpg","url":"https:\/\/www.brand-uh.cz\/wp-content\/uploads\/moda1_10.jpg","height":0,"width":0},"url":"https:\/\/www.brand-uh.cz\/je-mozne-predvidat-co-prijde-do-mody\/","about":["M\u00f3da"],"wordCount":456,"articleBody":"Ka\u017ed\u00fd, kdo se o m\u00f3du zaj\u00edm\u00e1, v\u00ed, jak vrtkav\u00e1 a vrto\u0161iv\u00e1 je. To, co se nosilo je\u0161t\u011b v\u010dera je dnes spole\u010densk\u00e9 faux pas. Je tedy pochopiteln\u00e9, \u017ee se mnoho \u017een sna\u017e\u00ed p\u0159edv\u00eddat, co se bude nosit p\u0159\u00ed\u0161t\u00ed sezonu.\u00a0Koneckonc\u016f, jakmile dan\u00fd styl p\u0159ijde do m\u00f3dy, dan\u00fd typ oble\u010den\u00ed se automaticky zdra\u017e\u00ed. Rozhodn\u011b je tedy v\u00fdhodn\u011bj\u0161\u00ed nakoupit si jej s\u00a0p\u0159edstihem za ni\u017e\u0161\u00ed cenu. Probl\u00e9m je samoz\u0159ejm\u011b v\u00a0tom, jak a zda v\u016fbec to lze p\u0159edv\u00eddat.\u00a0Abychom mohli na tuto ot\u00e1zku odpov\u011bd\u011bt, je nutn\u00e9 si nejprve \u0159\u00edci, co vlastn\u011b m\u00f3dn\u00ed trendy ur\u010duje. Obecn\u00fd p\u0159edpoklad je, \u017ee to jsou n\u00e1zory kupuj\u00edc\u00edch \u2013 to, co se jim l\u00edb\u00ed nejv\u00edce, se tak\u00e9 nejv\u00edce nos\u00ed, a tud\u00ed\u017e je i m\u00f3dn\u00ed.\u00a0\u00a0To v\u0161ak nen\u00ed tak jednoduch\u00e9. Je pot\u0159eba si uv\u011bdomit, \u017ee lidsk\u00fd vkus se nem\u011bn\u00ed jen tak. A impulz ke zm\u011bn\u011b jen z\u0159\u00eddkakdy vych\u00e1z\u00ed z\u00a0lid\u00ed samotn\u00fdch. V\u011bt\u0161inou jsou, ani\u017e si to uv\u011bdomuj\u00ed, ovliv\u0148ov\u00e1ni a v\u00a0podstat\u011b je jim ur\u010deno, co se jim m\u00e1 l\u00edbit. Jak\u00fdm zp\u016fsobem?\u00a0Jedn\u00e1 se p\u0159edev\u0161\u00edm o reklamy, filmy, \u010dasopisy a jin\u00e1 m\u00e9dia. Pokud budou nap\u0159\u00edklad \u017eeny neust\u00e1le \u010d\u00edst, \u017ee dan\u00fd styl je nejlep\u0161\u00ed, brzy tento n\u00e1zor p\u0159ijmou za sv\u016fj. A to t\u00edm d\u0159\u00edve, \u010d\u00edm v\u00edce zdroji onoho tvrzen\u00ed v\u011b\u0159\u00ed. A pokud se toto d\u011bje ve velk\u00e9m m\u011b\u0159\u00edtku, zm\u011bn\u00ed se t\u00edm i m\u00f3da.\u00a0\u00a0M\u016f\u017eeme se pt\u00e1t, kdo za t\u00edm stoj\u00ed, a odpov\u011bd\u00ed je, \u017ee jsou to m\u00f3dn\u00ed p\u0159edev\u0161\u00edm m\u00f3dn\u00ed n\u00e1vrh\u00e1\u0159i spolu s\u00a0v\u00fdrobci oble\u010den\u00ed. Pr\u00e1v\u011b oni ur\u010duj\u00ed, co se bude nosit, a m\u00e9dia se podle toho za\u0159izuj\u00ed. To sam\u00e9 samoz\u0159ejm\u011b plat\u00ed nap\u0159\u00edklad i o \u00fa\u010desech.\u00a0Z\u00a0v\u00fd\u0161e uveden\u00e9ho pak plyne, \u017ee lze jen t\u011b\u017eko p\u0159edv\u00eddat, kter\u00fdm sm\u011brem se m\u00f3dn\u00ed ledovce pohnou v\u00a0dal\u0161\u00edm obdob\u00ed, a tak to jejich tv\u016frc\u016fm vyhovuje. Znamen\u00e1 to toti\u017e, \u017ee lid\u00e9 utrat\u00ed za oble\u010den\u00ed v\u00edce pen\u011bz, a to pro n\u011b znamen\u00e1 vy\u0161\u0161\u00ed zisky, co\u017e je jejich hlavn\u00ed c\u00edl.\u00a0Jak z\u00a0tohoto koloto\u010de vystoupit? Ide\u00e1ln\u00ed je naj\u00edt si sv\u016fj vlastn\u00ed styl a toho se dr\u017eet, bez ohledu na to, co zrovna \u201efr\u010d\u00ed\u201c. U\u0161et\u0159\u00edte t\u00edm pen\u00edze, budete se c\u00edtit dob\u0159e a budete neust\u00e1le sv\u00e1, co\u017e jsou rozhodn\u011b nep\u0159ehl\u00e9dnuteln\u00e9 v\u00fdhody.                                                                                                                                                                                                                                                                                                                                                                                        4.7\/5 - (7 votes)        "},{"@context":"https:\/\/schema.org\/","@type":"BreadcrumbList","itemListElement":[{"@type":"ListItem","position":1,"name":"Je mo\u017en\u00e9 p\u0159edv\u00eddat, co p\u0159ijde do m\u00f3dy?","item":"https:\/\/www.brand-uh.cz\/je-mozne-predvidat-co-prijde-do-mody\/#breadcrumbitem"}]}]