[{"@context":"https:\/\/schema.org\/","@type":"Article","@id":"https:\/\/www.brand-uh.cz\/nenechte-vase-nohy-zahalet-i-s-pronajatym-vozem\/#Article","mainEntityOfPage":"https:\/\/www.brand-uh.cz\/nenechte-vase-nohy-zahalet-i-s-pronajatym-vozem\/","headline":"Nenechte va\u0161e nohy zah\u00e1let i s pronajat\u00fdm vozem","name":"Nenechte va\u0161e nohy zah\u00e1let i s pronajat\u00fdm vozem","description":"Pronajm\u011bte si v\u016fz pro cestov\u00e1n\u00ed kolem Prahy \u2013 v okol\u00ed Prahy je cel\u00e1 \u0159ada p\u0159ekr\u00e1sn\u00fdch m\u00edst, kter\u00e1 m\u016f\u017eete nav\u0161t\u00edvit, a provozovat tu p\u011b\u0161\u00ed turistiku. Cestov\u00e1n\u00ed s pronajat\u00fdm vozidlem je v\u00fdhodn\u011bj\u0161\u00ed,...","datePublished":"2022-06-30","dateModified":"2023-05-17","author":{"@type":"Person","@id":"https:\/\/www.brand-uh.cz\/author\/#Person","name":"","url":"https:\/\/www.brand-uh.cz\/author\/","identifier":1,"image":{"@type":"ImageObject","@id":"https:\/\/secure.gravatar.com\/avatar\/390ba47df5874845ef3762ac16ecd0a67f4e30c13cbb7c7ee444ade303aa885b?s=96&d=mm&r=g","url":"https:\/\/secure.gravatar.com\/avatar\/390ba47df5874845ef3762ac16ecd0a67f4e30c13cbb7c7ee444ade303aa885b?s=96&d=mm&r=g","height":96,"width":96}},"publisher":{"@type":"Organization","name":"brand-uh.cz","logo":{"@type":"ImageObject","@id":"\/logo.png","url":"\/logo.png","width":600,"height":60}},"image":{"@type":"ImageObject","@id":"https:\/\/www.brand-uh.cz\/wp-content\/uploads\/castle-1482197_640_2.jpg","url":"https:\/\/www.brand-uh.cz\/wp-content\/uploads\/castle-1482197_640_2.jpg","height":0,"width":0},"url":"https:\/\/www.brand-uh.cz\/nenechte-vase-nohy-zahalet-i-s-pronajatym-vozem\/","about":["Byznys"],"wordCount":445,"articleBody":"   Pronajm\u011bte si v\u016fz pro cestov\u00e1n\u00ed kolem Prahy \u2013 v okol\u00ed Prahy je cel\u00e1 \u0159ada p\u0159ekr\u00e1sn\u00fdch m\u00edst, kter\u00e1 m\u016f\u017eete nav\u0161t\u00edvit, a provozovat tu p\u011b\u0161\u00ed turistiku. Cestov\u00e1n\u00ed s pronajat\u00fdm vozidlem je v\u00fdhodn\u011bj\u0161\u00ed, ne\u017e vyu\u017e\u00edv\u00e1n\u00ed hromadn\u00e9 dopravy, nebo vlastn\u00edho vozu. Vlastnictv\u00ed vozidla obn\u00e1\u0161\u00ed spoustu plateb a starost\u00ed, zejm\u00e9na o technick\u00fd stav, a nepot\u0159ebujete-li vylo\u017een\u011b auto ke sv\u00e9 pr\u00e1ci ka\u017ed\u00fd den, stoj\u00ed za zamy\u0161len\u00ed pr\u00e1v\u011b jeho pron\u00e1jem z p\u016fj\u010dovny aut v Praze. Vyjde v\u00e1s to levn\u011bji a hlavn\u011b jste bez starost\u00ed \u2013 resp. va\u0161\u00ed jedinou starost\u00ed je p\u0159edat v\u016fz v po\u0159\u00e1dku. Vyplat\u00ed se samoz\u0159ejm\u011b n\u011bjak\u00e9 rozumn\u00e9 poji\u0161t\u011bn\u00ed pro p\u0159\u00edpad, \u017ee havarujete, anebo vozidlo po\u0161kod\u00edte vlastn\u00ed vinou.A co se t\u00fd\u010de v\u00fdletn\u00edch m\u00edst, m\u016f\u017eete to zkusit t\u0159eba v okol\u00ed S\u00e1zavy, nedaleko vrchu Medn\u00edk, pod\u00e9l \u0159eky vede turisticky zna\u010den\u00e1 cesta s kr\u00e1sn\u00fdmi v\u00fdhledy na \u0159eku. N\u00e1dhern\u00e9 vyhl\u00eddky si u\u017eijete i na Berounce, v \u00faseku mezi S\u00fdko\u0159icemi a \u010civicemi, tedy v pom\u011brn\u011b dlouh\u00e9 vzd\u00e1lenosti \u0159\u00ed\u010dn\u00edho toku.Vezm\u011bte na v\u00fdlet p\u0159\u00e1tele ze zahrani\u010d\u00ed \u2013 v\u016fz si m\u016f\u017eete pronajmout i na ruzy\u0148sk\u00e9m leti\u0161ti a vz\u00edt na v\u00fdlet p\u0159\u00e1tele, kte\u0159\u00ed k v\u00e1m p\u0159ilet\u00ed letadlem ze zahrani\u010d\u00ed. Krom\u011b prohl\u00eddky Prahy a mnoha zaj\u00edmavost\u00ed, kter\u00e1 se na \u00fazem\u00ed hlavn\u00edho m\u011bsta ukr\u00fdvaj\u00ed, jim m\u016f\u017eete p\u0159edstavit p\u0159\u00edrodn\u00ed kr\u00e1sy i historick\u00e9 pam\u00e1tky St\u0159edo\u010desk\u00e9ho kraje. Nemus\u00edte za nimi cestovat ani moc daleko, tedy pokud samoz\u0159ejm\u011b nechcete sm\u011b\u0159ovat d\u00e1l, nap\u0159. do Ji\u017en\u00edch \u010cech. Nav\u0161t\u00edvit byste mohli hrady Karl\u0161tejn, K\u0159ivokl\u00e1t, Koko\u0159\u00edn a \u010cesk\u00fd \u0160ternberk. V bl\u00edzkosti leti\u0161t\u011b se nach\u00e1z\u00ed z\u0159\u00edcenina hradu Oko\u0159 s malebn\u00fdm okol\u00edm Z\u00e1kolansk\u00e9ho potoka.Provozujte bosonohou turistiku \u2013 ploch\u00e9 nohy se st\u00e1vaj\u00ed civiliza\u010dn\u00edm probl\u00e9mem a jednou z p\u0159\u00ed\u010din jsou ochabl\u00e9 svaly chodidel d\u00edky nevhodn\u00e9 obuvi. D\u00e1 se tomu zabr\u00e1nit zejm\u00e9na ch\u016fz\u00ed naboso v p\u0159\u00edrod\u011b. M\u016f\u017eete v\u00fdlet pojmout i tak, \u017ee si vyberete vhodn\u00e9 ter\u00e9ny pro bosonohou turistiku, nap\u0159. mezi obl\u00e1zky v \u0159ek\u00e1ch nebo v potoc\u00edch, anebo v lesn\u00edm ter\u00e9nu, kter\u00fd nen\u00ed zne\u010di\u0161t\u011bn\u00fd pr\u016fmyslov\u00fdm odpadem. Anebo na n\u011bjak\u00e9m z bosonoh\u00fdch chodn\u00ed\u010dk\u016f, kter\u00e9 se v na\u0161\u00ed zemi buduj\u00ed ji\u017e \u0159adu let.                                                                                                                                                                                                                                                                                                                                                                                          3.9\/5 - (10 votes)        "},{"@context":"https:\/\/schema.org\/","@type":"BreadcrumbList","itemListElement":[{"@type":"ListItem","position":1,"name":"Nenechte va\u0161e nohy zah\u00e1let i s pronajat\u00fdm vozem","item":"https:\/\/www.brand-uh.cz\/nenechte-vase-nohy-zahalet-i-s-pronajatym-vozem\/#breadcrumbitem"}]}]