[{"@context":"https:\/\/schema.org\/","@type":"Article","@id":"https:\/\/www.brand-uh.cz\/obydli-ve-kterem-zijeme\/#Article","mainEntityOfPage":"https:\/\/www.brand-uh.cz\/obydli-ve-kterem-zijeme\/","headline":"Obydl\u00ed, ve kter\u00e9m \u017eijeme","name":"Obydl\u00ed, ve kter\u00e9m \u017eijeme","description":"Nenech\u00e1vejte jej jen tak le\u017eet ladem. Nen\u00ed sice jednoduch\u00e9 za\u010d\u00edt s\u00a0nov\u00fdm budov\u00e1n\u00edm sv\u00e9ho domova, pokud byste cht\u011bli si nap\u0159\u00edklad postavit cel\u00fd d\u016fm nov\u00fd a vlastn\u00ed, ale z\u00e1le\u017e\u00ed tak\u00e9 na tom,...","datePublished":"2024-10-30","dateModified":"2024-10-30","author":{"@type":"Person","@id":"https:\/\/www.brand-uh.cz\/author\/#Person","name":"","url":"https:\/\/www.brand-uh.cz\/author\/","identifier":1,"image":{"@type":"ImageObject","@id":"https:\/\/secure.gravatar.com\/avatar\/390ba47df5874845ef3762ac16ecd0a67f4e30c13cbb7c7ee444ade303aa885b?s=96&d=mm&r=g","url":"https:\/\/secure.gravatar.com\/avatar\/390ba47df5874845ef3762ac16ecd0a67f4e30c13cbb7c7ee444ade303aa885b?s=96&d=mm&r=g","height":96,"width":96}},"publisher":{"@type":"Organization","name":"brand-uh.cz","logo":{"@type":"ImageObject","@id":"\/logo.png","url":"\/logo.png","width":600,"height":60}},"url":"https:\/\/www.brand-uh.cz\/obydli-ve-kterem-zijeme\/","wordCount":265,"articleBody":"\tNenech\u00e1vejte jej jen tak le\u017eet ladem. Nen\u00ed sice jednoduch\u00e9 za\u010d\u00edt s\u00a0nov\u00fdm budov\u00e1n\u00edm sv\u00e9ho domova, pokud byste cht\u011bli si nap\u0159\u00edklad postavit cel\u00fd d\u016fm nov\u00fd a vlastn\u00ed, ale z\u00e1le\u017e\u00ed tak\u00e9 na tom, jak se k\u00a0va\u0161emu sou\u010dasn\u00e9mu domovu chov\u00e1te. Jak s\u00a0n\u00edm nakl\u00e1d\u00e1te, \u010di jak jej spravujete. Nejde te\u010f o konkr\u00e9tn\u00ed opravy, kter\u00e9 by m\u011bly p\u0159esnou podobu, ale o celkov\u00fd dojem, kter\u00fd mus\u00ed b\u00fdt zachov\u00e1n. Nejprve si toti\u017e mus\u00edme uv\u011bdomit, \u017ee pokud budeme nech\u00e1vat v\u0161echno ladem, tak se to nakup\u00ed a pak toho bude najednou na rekonstrukci mnohem v\u00edce, ne\u017e kdy\u017e si d\u011bl\u00e1te n\u011bco postupn\u011b a sna\u017e\u00edte se tak sv\u00e9mu domovu dop\u0159\u00e1t alespo\u0148 mal\u00e9 opravy, kter\u00e9 si \u017e\u00e1d\u00e1.\tDop\u0159ejte mu n\u011bco lep\u0161\u00edhoObydl\u00ed, ve kter\u00e9m \u017eijeme, by se nem\u011blo nech\u00e1vat jenom tak bez dozoru, proto\u017ee pak se tam d\u011bj\u00ed r\u016fzn\u00e9 v\u011bci. D\u0159evo trouchniv\u00ed, st\u011bny plesniv\u00ed a co h\u016f\u0159, st\u0159echa se bort\u00ed a n\u011bkter\u00e9 zateplovac\u00ed prost\u0159edky u\u017e nefunguj\u00ed tak, jak by m\u011bly, proto je zde mnoho zp\u016fsob\u016f, kter\u00e9 jako opravy m\u016f\u017eete vyu\u017e\u00edt. Pokud byste si p\u0159\u00e1li, aby v\u00e1m tak\u00e9 neunikalo teplo z\u00a0va\u0161eho obydl\u00ed, co\u017e je \u010dasto p\u0159edn\u00edm probl\u00e9mem mnoh\u00fdch dom\u00e1cnost\u00ed, tak byste m\u011bli nechat v\u00e1\u0161 d\u016fm projet termoviz\u00ed, kter\u00e1 v\u00e1m \u0159ekne p\u0159esn\u011bj\u0161\u00ed informace, co se tohoto t\u00fd\u010de.\u00a0                                                                                                                                                                                                                                                                                                                                                                                        5\/5 - (1 vote)        "},{"@context":"https:\/\/schema.org\/","@type":"BreadcrumbList","itemListElement":[{"@type":"ListItem","position":1,"name":"Obydl\u00ed, ve kter\u00e9m \u017eijeme","item":"https:\/\/www.brand-uh.cz\/obydli-ve-kterem-zijeme\/#breadcrumbitem"}]}]