[{"@context":"https:\/\/schema.org\/","@type":"Article","@id":"https:\/\/www.brand-uh.cz\/podtrzeni-charakteru-zahrady\/#Article","mainEntityOfPage":"https:\/\/www.brand-uh.cz\/podtrzeni-charakteru-zahrady\/","headline":"Podtr\u017een\u00ed charakteru zahrady","name":"Podtr\u017een\u00ed charakteru zahrady","description":"Pro ka\u017ed\u00e9ho z v\u00e1s jist\u011b zahrada znamen\u00e1 n\u011bco jin\u00e9ho, ale jist\u011b se shodneme alespo\u0148 na tom, \u017ee se jedn\u00e1 o m\u00edsto, na kter\u00e9m je velmi p\u0159\u00edjemn\u00e9 odpo\u010d\u00edvat. Nemyslete si v\u0161ak,...","datePublished":"2020-05-11","dateModified":"2023-12-20","author":{"@type":"Person","@id":"https:\/\/www.brand-uh.cz\/author\/#Person","name":"","url":"https:\/\/www.brand-uh.cz\/author\/","identifier":1,"image":{"@type":"ImageObject","@id":"https:\/\/secure.gravatar.com\/avatar\/390ba47df5874845ef3762ac16ecd0a67f4e30c13cbb7c7ee444ade303aa885b?s=96&d=mm&r=g","url":"https:\/\/secure.gravatar.com\/avatar\/390ba47df5874845ef3762ac16ecd0a67f4e30c13cbb7c7ee444ade303aa885b?s=96&d=mm&r=g","height":96,"width":96}},"publisher":{"@type":"Organization","name":"brand-uh.cz","logo":{"@type":"ImageObject","@id":"\/logo.png","url":"\/logo.png","width":600,"height":60}},"image":{"@type":"ImageObject","@id":"https:\/\/www.brand-uh.cz\/wp-content\/uploads\/zelen%C3%A1%20zahrada.jpg","url":"https:\/\/www.brand-uh.cz\/wp-content\/uploads\/zelen%C3%A1%20zahrada.jpg","height":0,"width":0},"url":"https:\/\/www.brand-uh.cz\/podtrzeni-charakteru-zahrady\/","about":["N\u00e1kupy"],"wordCount":449,"articleBody":"         Pro ka\u017ed\u00e9ho z v\u00e1s jist\u011b zahrada znamen\u00e1 n\u011bco jin\u00e9ho, ale jist\u011b se shodneme alespo\u0148 na tom, \u017ee se jedn\u00e1 o m\u00edsto, na kter\u00e9m je velmi p\u0159\u00edjemn\u00e9 odpo\u010d\u00edvat. Nemyslete si v\u0161ak, \u017ee odpo\u010dinek mus\u00ed znamenat jen n\u011bjak\u00e9 to opalov\u00e1n\u00ed \u010di \u010dten\u00ed knih v houpac\u00edm k\u0159esle. Odpo\u010dinek se toti\u017e m\u016f\u017ee n\u00e9st i v aktivn\u00edm duchu, co\u017e znamen\u00e1 kup\u0159\u00edkladu plav\u00e1n\u00ed v baz\u00e9nu nebo sch\u00e1zen\u00ed se s p\u0159\u00e1teli.A pr\u00e1v\u011b ono sch\u00e1zen\u00ed s p\u0159\u00e1teli m\u016f\u017ee b\u00fdt n\u011b\u010d\u00edm, pro\u010d chcete svou zahradu zm\u011bnit. Nemysl\u00edm to v tom slova smyslu, \u017ee byste m\u011bli pot\u0159ebu n\u011bco m\u011bnit jen kv\u016fli sv\u00e9mu okol\u00ed, ale sp\u00ed\u0161e v tom slova smyslu, \u017ee chcete vytvo\u0159it n\u011bco, kde v\u00e1m v\u0161em bude kr\u00e1sn\u011b. Jde v\u00e1m tedy o to, aby se s v\u00e1mi va\u0161i bl\u00edzc\u00ed c\u00edtili jako u sebe doma. A jak\u00e9 jsou tedy mo\u017enosti?Jist\u011b m\u00e1te mo\u017enost koupit si n\u011bco jako je \u201eparty stan\u201c, av\u0161ak ne v\u017edy se jedn\u00e1 o rozumnou volbu. T\u00edm hlavn\u00edm probl\u00e9mem je zde odolnost pov\u011btrnostn\u00edm podm\u00ednk\u00e1m a de\u0161ti. A zejm\u00e9na z toho d\u016fvodu je vhodn\u00e9 hledat n\u011bjakou jinou alternativu, kter\u00e1 ve v\u00fdsledku dopadne mnohem l\u00e9pe, ne\u017e byste si na po\u010d\u00e1tku v\u0161eho mysleli.T\u00edm skv\u011bl\u00fdm \u0159e\u0161en\u00edm jsou zahradn\u00ed pergoly d\u0159ev\u011bn\u00e9, kter\u00e9 jsou nositelkami mnoha v\u00fdhod. T\u00edm nejv\u00fdrazn\u011bj\u0161\u00edm je fakt, \u017ee pr\u00e1v\u011b tento druh \u201estavby\u201c v\u00e1m napom\u016f\u017ee k setk\u00e1v\u00e1n\u00ed v jak\u00e9mkoliv po\u010das\u00ed. Vedle toho je tak\u00e9 skv\u011blou zpr\u00e1vou, \u017ee se jedn\u00e1 o velmi v\u00fdrazn\u00fd prvek, s jeho\u017e spr\u00e1vn\u00fdm um\u00edstn\u011bn\u00edm dostane va\u0161e zahrada nov\u00fd smysl. V neposledn\u00ed \u0159ad\u011b je tak\u00e9 nutn\u00e9 \u0159\u00edci, \u017ee d\u00edky nim budete bl\u00ed\u017ee k p\u0159\u00edrod\u011b, respektive s n\u00ed budete m\u00edt lep\u0161\u00ed vztah, jeliko\u017e d\u0159evo je t\u00edm nejlep\u0161\u00edm materi\u00e1lem.Je tak tedy vid\u011bt, \u017ee ur\u010dit\u00e9 v\u011bci nemaj\u00ed v r\u00e1mci \u017eivota jen jednu funkci. Je tomu tak zejm\u00e9na z toho d\u016fvodu, \u017ee se ka\u017ed\u00fd z n\u00e1s d\u00edv\u00e1 na \u017eivot z jin\u00e9ho \u00fahlu pohledu, co\u017e vede k tomu, \u017ee spole\u010dn\u011b vid\u00edme n\u011bco, co by jeden s\u00e1m nevid\u011bl. Je tak tedy nutn\u00e9 br\u00e1t ohled i na ostatn\u00ed, jeliko\u017e nejen vy budete tento spole\u010dn\u00fd, rodinn\u00fd prostor vyu\u017e\u00edvat.                                                                                                                                                                                                                                                                                                                                                                                          4\/5 - (5 votes)        "},{"@context":"https:\/\/schema.org\/","@type":"BreadcrumbList","itemListElement":[{"@type":"ListItem","position":1,"name":"Podtr\u017een\u00ed charakteru zahrady","item":"https:\/\/www.brand-uh.cz\/podtrzeni-charakteru-zahrady\/#breadcrumbitem"}]}]