{"@context":"https:\/\/schema.org\/","@type":"CollectionPage","@id":"https:\/\/www.brand-uh.cz\/politika\/#CollectionPage","headline":"Politika Category","description":"","url":"https:\/\/www.brand-uh.cz\/politika\/","hasPart":[{"@type":"Article","@id":"https:\/\/www.brand-uh.cz\/mame-po-volbach\/","headline":"M\u00e1me po volb\u00e1ch","url":"https:\/\/www.brand-uh.cz\/mame-po-volbach\/","datePublished":"2023-11-30","dateModified":"2023-11-30","mainEntityOfPage":"https:\/\/www.brand-uh.cz\/mame-po-volbach\/","author":{"@type":"Person","@id":"https:\/\/www.brand-uh.cz\/author\/#Person","name":"","url":"https:\/\/www.brand-uh.cz\/author\/","identifier":1,"image":{"@type":"ImageObject","@id":"https:\/\/secure.gravatar.com\/avatar\/390ba47df5874845ef3762ac16ecd0a67f4e30c13cbb7c7ee444ade303aa885b?s=96&d=mm&r=g","url":"https:\/\/secure.gravatar.com\/avatar\/390ba47df5874845ef3762ac16ecd0a67f4e30c13cbb7c7ee444ade303aa885b?s=96&d=mm&r=g","height":96,"width":96}},"publisher":{"@type":"Organization","name":"brand-uh.cz","logo":{"@type":"ImageObject","@id":"\/logo.png","url":"\/logo.png","width":600,"height":60}},"image":{"@type":"ImageObject","@id":"https:\/\/www.brand-uh.cz\/wp-content\/uploads\/v_8.jpg","url":"https:\/\/www.brand-uh.cz\/wp-content\/uploads\/v_8.jpg","height":0,"width":0},"keywords":null},{"@type":"Article","@id":"https:\/\/www.brand-uh.cz\/proc-bychom-meli-chodit-k-volbam\/","headline":"Pro\u010d bychom m\u011bli chodit k volb\u00e1m","url":"https:\/\/www.brand-uh.cz\/proc-bychom-meli-chodit-k-volbam\/","datePublished":"2021-12-24","dateModified":"2023-05-17","mainEntityOfPage":"https:\/\/www.brand-uh.cz\/proc-bychom-meli-chodit-k-volbam\/","author":{"@type":"Person","@id":"https:\/\/www.brand-uh.cz\/author\/#Person","name":"","url":"https:\/\/www.brand-uh.cz\/author\/","identifier":1,"image":{"@type":"ImageObject","@id":"https:\/\/secure.gravatar.com\/avatar\/390ba47df5874845ef3762ac16ecd0a67f4e30c13cbb7c7ee444ade303aa885b?s=96&d=mm&r=g","url":"https:\/\/secure.gravatar.com\/avatar\/390ba47df5874845ef3762ac16ecd0a67f4e30c13cbb7c7ee444ade303aa885b?s=96&d=mm&r=g","height":96,"width":96}},"publisher":{"@type":"Organization","name":"brand-uh.cz","logo":{"@type":"ImageObject","@id":"\/logo.png","url":"\/logo.png","width":600,"height":60}},"image":{"@type":"ImageObject","@id":"https:\/\/www.brand-uh.cz\/wp-content\/uploads\/volby2_1.png","url":"https:\/\/www.brand-uh.cz\/wp-content\/uploads\/volby2_1.png","height":0,"width":0},"keywords":null},{"@type":"Article","@id":"https:\/\/www.brand-uh.cz\/ceskoslovensti-vojaci-kteri-se-v-breznu-1939-nevzdali\/","headline":"\u010ceskosloven\u0161t\u00ed voj\u00e1ci, kte\u0159\u00ed se v b\u0159eznu 1939 nevzdali","url":"https:\/\/www.brand-uh.cz\/ceskoslovensti-vojaci-kteri-se-v-breznu-1939-nevzdali\/","datePublished":"2020-03-24","dateModified":"2023-05-17","mainEntityOfPage":"https:\/\/www.brand-uh.cz\/ceskoslovensti-vojaci-kteri-se-v-breznu-1939-nevzdali\/","author":{"@type":"Person","@id":"https:\/\/www.brand-uh.cz\/author\/#Person","name":"","url":"https:\/\/www.brand-uh.cz\/author\/","identifier":1,"image":{"@type":"ImageObject","@id":"https:\/\/secure.gravatar.com\/avatar\/390ba47df5874845ef3762ac16ecd0a67f4e30c13cbb7c7ee444ade303aa885b?s=96&d=mm&r=g","url":"https:\/\/secure.gravatar.com\/avatar\/390ba47df5874845ef3762ac16ecd0a67f4e30c13cbb7c7ee444ade303aa885b?s=96&d=mm&r=g","height":96,"width":96}},"publisher":{"@type":"Organization","name":"brand-uh.cz","logo":{"@type":"ImageObject","@id":"\/logo.png","url":"\/logo.png","width":600,"height":60}},"image":{"@type":"ImageObject","@id":"https:\/\/www.brand-uh.cz\/wp-content\/uploads\/img_a372450_w4367_t1583911773.jpg","url":"https:\/\/www.brand-uh.cz\/wp-content\/uploads\/img_a372450_w4367_t1583911773.jpg","height":0,"width":0},"keywords":null},{"@type":"Article","@id":"https:\/\/www.brand-uh.cz\/proc-nechteji-svoje-lidi\/","headline":"Pro\u010d necht\u011bj\u00ed svoje lidi?","url":"https:\/\/www.brand-uh.cz\/proc-nechteji-svoje-lidi\/","datePublished":"2020-01-23","dateModified":"2023-05-17","mainEntityOfPage":"https:\/\/www.brand-uh.cz\/proc-nechteji-svoje-lidi\/","author":{"@type":"Person","@id":"https:\/\/www.brand-uh.cz\/author\/#Person","name":"","url":"https:\/\/www.brand-uh.cz\/author\/","identifier":1,"image":{"@type":"ImageObject","@id":"https:\/\/secure.gravatar.com\/avatar\/390ba47df5874845ef3762ac16ecd0a67f4e30c13cbb7c7ee444ade303aa885b?s=96&d=mm&r=g","url":"https:\/\/secure.gravatar.com\/avatar\/390ba47df5874845ef3762ac16ecd0a67f4e30c13cbb7c7ee444ade303aa885b?s=96&d=mm&r=g","height":96,"width":96}},"publisher":{"@type":"Organization","name":"brand-uh.cz","logo":{"@type":"ImageObject","@id":"\/logo.png","url":"\/logo.png","width":600,"height":60}},"image":{"@type":"ImageObject","@id":"https:\/\/www.brand-uh.cz\/wp-content\/uploads\/img_a366759_w4367_t1579366198.jpg","url":"https:\/\/www.brand-uh.cz\/wp-content\/uploads\/img_a366759_w4367_t1579366198.jpg","height":0,"width":0},"keywords":null}]}