[{"@context":"https:\/\/schema.org\/","@type":"Article","@id":"https:\/\/www.brand-uh.cz\/pomala-versus-rychla-moda-je-stavajici-situace-udrzitelna\/#Article","mainEntityOfPage":"https:\/\/www.brand-uh.cz\/pomala-versus-rychla-moda-je-stavajici-situace-udrzitelna\/","headline":"Pomal\u00e1 versus rychl\u00e1 m\u00f3da. Je st\u00e1vaj\u00edc\u00ed situace udr\u017eiteln\u00e1?","name":"Pomal\u00e1 versus rychl\u00e1 m\u00f3da. Je st\u00e1vaj\u00edc\u00ed situace udr\u017eiteln\u00e1?","description":"Slow fashion, neboli pomal\u00e1 m\u00f3da. V\u00fdraz, s&nbsp;kter\u00fdm se setk\u00e1v\u00e1me st\u00e1le \u010dast\u011bji. V&nbsp;souvislosti s&nbsp;t\u00edm, jak lid\u00e9 za\u010d\u00ednaj\u00ed v\u00edce p\u0159em\u00fd\u0161let o udr\u017eiteln\u00e9m rozvoji spole\u010dnosti na na\u0161\u00ed planet\u011b, m\u011bn\u00ed se p\u0159\u00edstupy k&nbsp;produkovan\u00e9mu zbo\u017e\u00ed....","datePublished":"2020-01-05","dateModified":"2023-05-17","author":{"@type":"Person","@id":"https:\/\/www.brand-uh.cz\/author\/#Person","name":"","url":"https:\/\/www.brand-uh.cz\/author\/","identifier":1,"image":{"@type":"ImageObject","@id":"https:\/\/secure.gravatar.com\/avatar\/390ba47df5874845ef3762ac16ecd0a67f4e30c13cbb7c7ee444ade303aa885b?s=96&d=mm&r=g","url":"https:\/\/secure.gravatar.com\/avatar\/390ba47df5874845ef3762ac16ecd0a67f4e30c13cbb7c7ee444ade303aa885b?s=96&d=mm&r=g","height":96,"width":96}},"publisher":{"@type":"Organization","name":"brand-uh.cz","logo":{"@type":"ImageObject","@id":"\/logo.png","url":"\/logo.png","width":600,"height":60}},"image":{"@type":"ImageObject","@id":"https:\/\/www.brand-uh.cz\/wp-content\/uploads\/img_a367285_w4367_t1579768573.jpg","url":"https:\/\/www.brand-uh.cz\/wp-content\/uploads\/img_a367285_w4367_t1579768573.jpg","height":0,"width":0},"url":"https:\/\/www.brand-uh.cz\/pomala-versus-rychla-moda-je-stavajici-situace-udrzitelna\/","about":["N\u00e1kupy"],"wordCount":434,"articleBody":"Slow fashion, neboli pomal\u00e1 m\u00f3da. V\u00fdraz, s&nbsp;kter\u00fdm se setk\u00e1v\u00e1me st\u00e1le \u010dast\u011bji. V&nbsp;souvislosti s&nbsp;t\u00edm, jak lid\u00e9 za\u010d\u00ednaj\u00ed v\u00edce p\u0159em\u00fd\u0161let o udr\u017eiteln\u00e9m rozvoji spole\u010dnosti na na\u0161\u00ed planet\u011b, m\u011bn\u00ed se p\u0159\u00edstupy k&nbsp;produkovan\u00e9mu zbo\u017e\u00ed. Za\u010d\u00edn\u00e1 se v\u00edce db\u00e1t na kvalitu ne\u017e kvantitu. Av\u0161ak tento trend n\u00e1s zasahuje pomaleji, ne\u017e by bylo pot\u0159eba. L\u00e1kav\u00e9 nab\u00eddce obchodn\u00edch dom\u016f, ve kter\u00fdch lze pohodln\u011b nakoupit oble\u010den\u00ed za n\u00edzk\u00e9 ceny, se opravdu t\u011b\u017eko odol\u00e1v\u00e1. Ka\u017ed\u00fd z&nbsp;n\u00e1s by se m\u011bl proto zamyslet, zda skute\u010dn\u011b za tyto ceny dost\u00e1v\u00e1 to, co chce.Levn\u00e9 v\u00fdrobky jsou jen jednou prom\u011bnnou. M\u011bli bychom p\u0159em\u00fd\u0161let, jakou cestou se oble\u010den\u00ed dostalo a\u017e do na\u0161ich obchodn\u00edch dom\u016f. Kdo ho vyrobil, jak\u00e1 je odm\u011bna pro zam\u011bstnance, kte\u0159\u00ed se na jeho v\u00fdrob\u011b pod\u00edleli (zamysleme se nad etikou a Fair trade, tedy spravedliv\u00fdm obchodem), jak dlouho a jak\u00fdmi dopravn\u00edmi prost\u0159edky k&nbsp;n\u00e1m putovalo, tedy jakou stopu jeho cesta zanechala na \u017eivotn\u00edm prost\u0159ed\u00ed.\tVelkou spot\u0159ebou oble\u010den\u00ed zat\u011b\u017eujeme \u017eivotn\u00ed prost\u0159ed\u00ed jak p\u0159i v\u00fdrob\u011b, tak p\u0159i zpracov\u00e1n\u00ed odpadu, kter\u00fd p\u0159i produkci vznik\u00e1. Dal\u0161\u00ed z\u00e1t\u011b\u017e\u00ed je fin\u00e1ln\u00ed rozpad od\u011bv\u016f p\u0159i skl\u00e1dkov\u00e1n\u00ed. Dal\u0161\u00edm nebezpe\u010d\u00edm, kter\u00e9 hroz\u00ed, jsou environment\u00e1ln\u00ed dopady v&nbsp;m\u00edst\u011b v\u00fdroby. Jde zejm\u00e9na o mo\u017en\u00e9 vy\u010derp\u00e1n\u00ed zdroj\u016f a zne\u010di\u0161t\u011bn\u00ed prost\u0159ed\u00ed.\tV\u00fdhody globalizovan\u00e9ho sv\u011bta ur\u010dit\u011b vid\u00edme v\u0161ichni, ale kdy\u017e se pod\u00edv\u00e1me na nev\u00fdhody, kter\u00e9 sp\u00ed\u0161e vid\u011bt nechceme, je jich mnoho.\t\tNem\u011bli bychom se sp\u00ed\u0161e zam\u011b\u0159it na dom\u00e1c\u00ed produkty, podporu dom\u00e1c\u00edho trhu?&nbsp; \tPomalou m\u00f3dou m\u016f\u017eeme podpo\u0159it kvalitu nad kvantitou, v\u00fdrob\u011b zbo\u017e\u00ed je v\u011bnov\u00e1no v\u00edce \u010dasu, co\u017e se projevuje i v del\u0161\u00ed \u017eivotnosti fin\u00e1ln\u00edch v\u00fdrobk\u016f. Men\u0161\u00edm, ale kvalitn\u011bj\u0161\u00edm mno\u017estv\u00edm oble\u010den\u00ed vyroben\u00e9ho z&nbsp;p\u0159\u00edrodn\u00edch materi\u00e1l\u016f, kter\u00e9 bude nad\u010dasov\u00e9, univerz\u00e1ln\u00ed a takov\u00e9, aby nepodl\u00e9halo rychle se m\u011bn\u00edc\u00edm trend\u016fm, ulev\u00edme \u017eivotn\u00edmu prost\u0159ed\u00ed. Stejn\u011b tak t\u00edm, \u017ee budeme nakupovat lok\u00e1ln\u011b.\tBylo by dobr\u00e9, kdybychom vn\u00edmali n\u00e1kup pomal\u00e9 m\u00f3dy jako investici do budoucna.\t&nbsp;                                                                                                                                                                                                                                                                                                                                                                                        4.1\/5 - (9 votes)        "},{"@context":"https:\/\/schema.org\/","@type":"BreadcrumbList","itemListElement":[{"@type":"ListItem","position":1,"name":"Pomal\u00e1 versus rychl\u00e1 m\u00f3da. Je st\u00e1vaj\u00edc\u00ed situace udr\u017eiteln\u00e1?","item":"https:\/\/www.brand-uh.cz\/pomala-versus-rychla-moda-je-stavajici-situace-udrzitelna\/#breadcrumbitem"}]}]