[{"@context":"https:\/\/schema.org\/","@type":"Article","@id":"https:\/\/www.brand-uh.cz\/proc-je-interierovy-design-dulezity\/#Article","mainEntityOfPage":"https:\/\/www.brand-uh.cz\/proc-je-interierovy-design-dulezity\/","headline":"Pro\u010d je interi\u00e9rov\u00fd design d\u016fle\u017eit\u00fd","name":"Pro\u010d je interi\u00e9rov\u00fd design d\u016fle\u017eit\u00fd","description":"Za\u0159\u00edzen\u00ed nov\u00e9ho domu \u010di bytu se zd\u00e1 na prvn\u00ed pohled jednoduch\u00e9: zkr\u00e1tka nakoup\u00edme n\u00e1bytek a dekorace, kter\u00e9 se n\u00e1m budou l\u00edbit, rozm\u00edst\u00edme je podle sv\u00e9ho vkusu, a m\u00e1me hotovo. Zn\u00ed...","datePublished":"2025-12-01","dateModified":"2025-12-01","author":{"@type":"Person","@id":"https:\/\/www.brand-uh.cz\/author\/#Person","name":"","url":"https:\/\/www.brand-uh.cz\/author\/","identifier":1,"image":{"@type":"ImageObject","@id":"https:\/\/secure.gravatar.com\/avatar\/390ba47df5874845ef3762ac16ecd0a67f4e30c13cbb7c7ee444ade303aa885b?s=96&d=mm&r=g","url":"https:\/\/secure.gravatar.com\/avatar\/390ba47df5874845ef3762ac16ecd0a67f4e30c13cbb7c7ee444ade303aa885b?s=96&d=mm&r=g","height":96,"width":96}},"publisher":{"@type":"Organization","name":"brand-uh.cz","logo":{"@type":"ImageObject","@id":"\/logo.png","url":"\/logo.png","width":600,"height":60}},"image":{"@type":"ImageObject","@id":"https:\/\/www.brand-uh.cz\/wp-content\/uploads\/domacnost2_7.jpg","url":"https:\/\/www.brand-uh.cz\/wp-content\/uploads\/domacnost2_7.jpg","height":0,"width":0},"url":"https:\/\/www.brand-uh.cz\/proc-je-interierovy-design-dulezity\/","about":["Byt a d\u016fm"],"wordCount":427,"articleBody":"      Za\u0159\u00edzen\u00ed nov\u00e9ho domu \u010di bytu se zd\u00e1 na prvn\u00ed pohled jednoduch\u00e9: zkr\u00e1tka nakoup\u00edme n\u00e1bytek a dekorace, kter\u00e9 se n\u00e1m budou l\u00edbit, rozm\u00edst\u00edme je podle sv\u00e9ho vkusu, a m\u00e1me hotovo. Zn\u00ed to jednodu\u0161e, ukazuje se v\u0161ak, \u017ee v\u00fdsledek je m\u00e1lokdy takov\u00fd, jak jsme si p\u0159edstavovali. Pokud toti\u017e chceme, aby n\u00e1\u0161 domov k n\u011b\u010demu vypadal, je pot\u0159eba dodr\u017eovat n\u011bkolik z\u00e1kladn\u00edch pravidel, kter\u00e9 n\u00e1m ukl\u00e1d\u00e1 interi\u00e9rov\u00fd design https:\/\/bydesign.cz\/. Samoz\u0159ejm\u011b se n\u00e1m to m\u016f\u017ee zd\u00e1t hloup\u00e9 a zbyte\u010dn\u00e9, av\u0161ak pokud chceme, aby v\u00fdsledek k n\u011b\u010demu vypadal, m\u011bli bychom se jich dr\u017eet.T\u00edm prvn\u00edm je, \u017ee dan\u00e1 m\u00edstnost, a ide\u00e1ln\u011b i cel\u00fd byt, pokud je to mo\u017en\u00e9, by m\u011bly b\u00fdt v jednom stylu. Pokud m\u00e1me nap\u0159\u00edklad modern\u00ed st\u016fl z chromu a ze skla, a k n\u011bmu staro\u017eitn\u00e9 \u017eidle, v\u00fdsledn\u00fd dojem rozhodn\u011b nebude ide\u00e1ln\u00ed. Je tedy dobr\u00e9 se ji\u017e p\u0159edem rozhodnout, jak by m\u011bla ona m\u00edstnost vypadat, a v jak\u00e9m stylu. Podobn\u011b je tomu i s barvami. Ty by k sob\u011b m\u011bly ladit, a to nejen u n\u00e1bytku, ale u ve\u0161ker\u00e9ho za\u0159\u00edzen\u00ed. Nebude nap\u0159\u00edklad vypadat zrovna p\u011bkn\u011b, pokud budeme m\u00edt zdi nat\u0159en\u00e9 k\u0159iklav\u011b r\u016f\u017eovou, n\u00e1bytek v klasick\u00e9 hn\u011bd\u00e9 a gau\u010d v zelen\u00e9. M\u00e9n\u011b je v\u00edce, a je lep\u0161\u00ed zvolit jen n\u011bkolik m\u00e1lo k sob\u011b lad\u00edc\u00edch barev.Stejn\u00fd princip plat\u00ed i u dekorac\u00ed. Je toti\u017e pravdou, \u017ee bez nich vypad\u00e1 byt pr\u00e1zdn\u011b a opu\u0161t\u011bn\u011b. Pr\u00e1v\u011b tyto drobn\u00e9 p\u0159edm\u011bty mu pak dod\u00e1vaj\u00ed onu \u00fatulnost, kterou si spojujeme s domovem. M\u016f\u017ee j\u00edt o obr\u00e1zky, suven\u00fdry z cest po sv\u011bt\u011b, drobn\u00e9 so\u0161ky nebo i rostliny v kv\u011btin\u00e1\u010di. I jejich pou\u017eit\u00ed m\u00e1 v\u0161ak sv\u00e1 pravidla, p\u0159i\u010dem\u017e t\u00edm z\u00e1kladn\u00edm je nep\u0159eh\u00e1n\u011bt to.Zde bychom tak\u00e9 m\u011bli zvolit n\u011bjak\u00fd p\u0159edm\u011bt, kter\u00fd bude centrem pozornosti, zat\u00edmco ostatn\u00ed jen budou vhodn\u011b dopl\u0148ovat. I tady plat\u00ed, \u017ee se nen\u00ed dobr\u00e9, aby v\u0161e bylo \u201eka\u017ed\u00fd pes, jin\u00e1 ves\u201c, ale aby byly tematicky i vzhledov\u011b propojen\u00e9. Jen tak dos\u00e1hneme dobr\u00e9ho dojmu, o kter\u00fd usilujeme, a bude se n\u00e1m v na\u0161em domov\u011b dob\u0159e \u017e\u00edt.                                                                                                                                                                                                                                                                                                                                                                                                  "},{"@context":"https:\/\/schema.org\/","@type":"BreadcrumbList","itemListElement":[{"@type":"ListItem","position":1,"name":"Pro\u010d je interi\u00e9rov\u00fd design d\u016fle\u017eit\u00fd","item":"https:\/\/www.brand-uh.cz\/proc-je-interierovy-design-dulezity\/#breadcrumbitem"}]}]